{"id":16749,"date":"2026-09-05T09:34:00","date_gmt":"2026-09-05T09:34:00","guid":{"rendered":"https:\/\/diplomatie.gov.bf\/?p=16749"},"modified":"2026-09-06T09:34:57","modified_gmt":"2026-09-06T09:34:57","slug":"plan-relance-2026-2030-les-cadres-du-ministere-des-affaires-etrangeres-sapproprient-les-axes-strategiques-du-nouveau-plan-national-de-developpement-du-burkina-faso","status":"publish","type":"post","link":"https:\/\/diplomatie.gov.bf\/index.php\/plan-relance-2026-2030-les-cadres-du-ministere-des-affaires-etrangeres-sapproprient-les-axes-strategiques-du-nouveau-plan-national-de-developpement-du-burkina-faso\/","title":{"rendered":"Plan \u00ab RELANCE \u00bb 2026-2030 : les cadres du minist\u00e8re des Affaires \u00e9trang\u00e8res s\u2019approprient les axes strat\u00e9giques du nouveau plan national de d\u00e9veloppement du Burkina Faso"},"content":{"rendered":"<div class=\"x14z9mp xat24cr x1lziwak x1vvkbs xtlvy1s x126k92a\">\n<div dir=\"auto\" style=\"text-align: justify;\">Le Bureau d\u2019Analyses Strat\u00e9giques du minist\u00e8re des Affaires \u00e9trang\u00e8res a r\u00e9uni ce vendredi 4 septembre \u00e0 Ouagadougou, les cadres de l&rsquo;Admistration centrale, des Missions diplomatiques et Postes consulaires, pour un s\u00e9minaire sur les enjeux de la mise en \u0153uvre du plan \u00ab RELANCE \u00bb du Burkina Faso.<\/div>\n<\/div>\n<div class=\"x14z9mp xat24cr x1lziwak x1vvkbs xtlvy1s x126k92a\" style=\"text-align: justify;\">\n<div dir=\"auto\">Il s\u2019agit d\u2019un cadre d\u2019\u00e9changes sur les axes strat\u00e9giques de ce r\u00e9f\u00e9rentiel national de d\u00e9veloppement \u00e9conomique et social, qui traduit toute la vision de souverainet\u00e9 voulue par le Camarade Pr\u00e9sident du Faso, le Capitaine Ibrahim TRAORE.<\/div>\n<\/div>\n<div class=\"x14z9mp xat24cr x1lziwak x1vvkbs xtlvy1s x126k92a\" style=\"text-align: justify;\">\n<div dir=\"auto\">L\u2019objectif, selon les organisateurs, est d\u2019impulser une meilleure appropriation de la responsabilit\u00e9 des acteurs de la diplomatie burkinab\u00e8 dans la mise en \u0153uvre des diff\u00e9rents programmes retenus dans le plan RELANCE pour la p\u00e9riode 2026-2030 et dont le co\u00fbt total se chiffre \u00e0 36 190 milliards de FCFA.<\/div>\n<\/div>\n<div class=\"x14z9mp xat24cr x1lziwak x1vvkbs xtlvy1s x126k92a\" style=\"text-align: justify;\">\n<div dir=\"auto\">L\u2019ouverture des travaux a \u00e9t\u00e9 pr\u00e9sid\u00e9e par le Camarade Secr\u00e9taire g\u00e9n\u00e9ral du minist\u00e8re des Affaires \u00e9trang\u00e8res, l\u2019Ambassadeur Hermann Yirigouin TOE.<\/div>\n<\/div>\n<div class=\"x14z9mp xat24cr x1lziwak x1vvkbs xtlvy1s x126k92a\" style=\"text-align: justify;\">\n<div dir=\"auto\">Pour lui, ce s\u00e9minaire permettra non seulement d\u2019outiller les participants sur les enjeux du plan national de d\u00e9veloppement dans un monde en pleine mutation g\u00e9opolitique, mais surtout de d\u00e9cliner les implications du minist\u00e8re des Affaires \u00e9trang\u00e8res \u00e0 tous les niveaux.<\/div>\n<\/div>\n<div class=\"x14z9mp xat24cr x1lziwak x1vvkbs xtlvy1s x126k92a\" style=\"text-align: justify;\">\n<div dir=\"auto\">Selon le Camarade Secr\u00e9taire g\u00e9n\u00e9ral, au regard de sa position d\u2019interface entre le Burkina Faso et l\u2019ext\u00e9rieur, le d\u00e9partement des Affaires \u00e9trang\u00e8res entend traduire sur le terrain diplomatique, les ambitions inscrites dans ce r\u00e9f\u00e9rentiel, \u00e0 travers la mobilisation des financements ext\u00e9rieurs et le renforcement des partenariats \u00e9conomiques bilat\u00e9raux et multilat\u00e9raux entre autres.<\/div>\n<\/div>\n<div class=\"x14z9mp xat24cr x1lziwak x1vvkbs xtlvy1s x126k92a\" style=\"text-align: justify;\">\n<div dir=\"auto\">Ce s\u00e9minaire s\u2019inscrit aussi dans une dynamique de mobilisation g\u00e9n\u00e9rale de l\u2019Administration publique burkinab\u00e8 pour l\u2019atteinte des ambitions fix\u00e9es.<\/div>\n<\/div>\n<div class=\"x14z9mp xat24cr x1lziwak x1vvkbs xtlvy1s x126k92a\" style=\"text-align: justify;\">\n<div dir=\"auto\">\u00ab La pleine affirmation de la souverainet\u00e9 du Burkina Faso ne se d\u00e9cr\u00e8te pas. Elle se construit dans la synergie de tous ses acteurs. C&rsquo;est cette exigence de coll\u00e9gialit\u00e9 qui doit d\u00e9sormais gouverner toute action publique. Et c&rsquo;est elle qui doit animer nos \u00e9changes \u00bb, a signifi\u00e9 l\u2019Ambassadeur Hermann Yirigouin TOE aux participants.<\/div>\n<\/div>\n<div class=\"x14z9mp xat24cr x1lziwak x1vvkbs xtlvy1s x126k92a\">\n<div dir=\"auto\" style=\"text-align: justify;\">A noter que les Missions diplomatiques et Postes consulaires ont aussi pris part, par visioconf\u00e9rence, \u00e0 ce s\u00e9minaire sur les enjeux de la mise en \u0153uvre du plan RELANCE.<\/div>\n<\/div>\n","protected":false},"excerpt":{"rendered":"<p>Le Bureau d\u2019Analyses Strat\u00e9giques du minist\u00e8re des Affaires \u00e9trang\u00e8res a r\u00e9uni ce vendredi 4 septembre \u00e0 Ouagadougou, les cadres de l&rsquo;Admistration centrale, des Missions diplomatiques et Postes consulaires, pour un s\u00e9minaire sur les enjeux de la mise en \u0153uvre du plan \u00ab RELANCE \u00bb du Burkina Faso. Il s\u2019agit d\u2019un cadre d\u2019\u00e9changes sur les axes [&hellip;]<\/p>\n","protected":false},"author":9,"featured_media":16750,"comment_status":"closed","ping_status":"closed","sticky":false,"template":"","format":"standard","meta":{"footnotes":""},"categories":[21],"tags":[],"class_list":["post-16749","post","type-post","status-publish","format-standard","has-post-thumbnail","hentry","category-actualites"],"_links":{"self":[{"href":"https:\/\/diplomatie.gov.bf\/index.php\/wp-json\/wp\/v2\/posts\/16749","targetHints":{"allow":["GET"]}}],"collection":[{"href":"https:\/\/diplomatie.gov.bf\/index.php\/wp-json\/wp\/v2\/posts"}],"about":[{"href":"https:\/\/diplomatie.gov.bf\/index.php\/wp-json\/wp\/v2\/types\/post"}],"author":[{"embeddable":true,"href":"https:\/\/diplomatie.gov.bf\/index.php\/wp-json\/wp\/v2\/users\/9"}],"replies":[{"embeddable":true,"href":"https:\/\/diplomatie.gov.bf\/index.php\/wp-json\/wp\/v2\/comments?post=16749"}],"version-history":[{"count":1,"href":"https:\/\/diplomatie.gov.bf\/index.php\/wp-json\/wp\/v2\/posts\/16749\/revisions"}],"predecessor-version":[{"id":16751,"href":"https:\/\/diplomatie.gov.bf\/index.php\/wp-json\/wp\/v2\/posts\/16749\/revisions\/16751"}],"wp:featuredmedia":[{"embeddable":true,"href":"https:\/\/diplomatie.gov.bf\/index.php\/wp-json\/wp\/v2\/media\/16750"}],"wp:attachment":[{"href":"https:\/\/diplomatie.gov.bf\/index.php\/wp-json\/wp\/v2\/media?parent=16749"}],"wp:term":[{"taxonomy":"category","embeddable":true,"href":"https:\/\/diplomatie.gov.bf\/index.php\/wp-json\/wp\/v2\/categories?post=16749"},{"taxonomy":"post_tag","embeddable":true,"href":"https:\/\/diplomatie.gov.bf\/index.php\/wp-json\/wp\/v2\/tags?post=16749"}],"curies":[{"name":"wp","href":"https:\/\/api.w.org\/{rel}","templated":true}]}}