{"id":16746,"date":"2026-09-06T09:32:30","date_gmt":"2026-09-06T09:32:30","guid":{"rendered":"https:\/\/diplomatie.gov.bf\/?p=16746"},"modified":"2026-09-06T09:32:30","modified_gmt":"2026-09-06T09:32:30","slug":"cooperation-multilaterale-les-nouveaux-representants-du-pam-et-du-hcr-presentent-leurs-lettres-de-cabinet-au-chef-de-la-diplomatie-burkinabe","status":"publish","type":"post","link":"https:\/\/diplomatie.gov.bf\/index.php\/cooperation-multilaterale-les-nouveaux-representants-du-pam-et-du-hcr-presentent-leurs-lettres-de-cabinet-au-chef-de-la-diplomatie-burkinabe\/","title":{"rendered":"Coop\u00e9ration multilat\u00e9rale : les nouveaux Repr\u00e9sentants du PAM et du HCR pr\u00e9sentent leurs Lettres de cabinet au Chef de la diplomatie burkinab\u00e8"},"content":{"rendered":"<div class=\"x14z9mp xat24cr x1lziwak x1vvkbs xtlvy1s x126k92a\">\n<div dir=\"auto\" style=\"text-align: justify;\">Le camarade ministre des Affaires \u00e9trang\u00e8res Karamoko Jean Marie TRAORE, accompagn\u00e9 de la camarade ministre d\u00e9l\u00e9gu\u00e9e, B\u00eabgnasgnan Stella Eldine KABRE\/ KABOR\u00c9 et d&rsquo;autres collaborateurs, en re\u00e7u le nouveau Repr\u00e9sentant du Programme alimentaire mondial (PAM) Monsieur Aliou DIONGUE et la nouvelle repr\u00e9sentante du Haut-Commissariat des Nations unies pour les r\u00e9fugi\u00e9s (HCR) Madame Saoudatou Bah MANSARE, dans la soir\u00e9e du vendredi 4 septembre 2026.<\/div>\n<\/div>\n<div class=\"x14z9mp xat24cr x1lziwak x1vvkbs xtlvy1s x126k92a\" style=\"text-align: justify;\">\n<div dir=\"auto\">Les deux diplomates onusiens sont venus remettre leurs Lettres de cabinet au ministre Karamoko Jean Marie TRAORE, marquant officiellement leur entr\u00e9e en fonction au Burkina Faso.<\/div>\n<\/div>\n<div class=\"x14z9mp xat24cr x1lziwak x1vvkbs xtlvy1s x126k92a\" style=\"text-align: justify;\">\n<div dir=\"auto\">A l&rsquo;issue du c\u00e9r\u00e9monial de remise de ses Lettres de cabinet, le nouveau Repr\u00e9sentant du PAM a traduit sa gratitude au gouvernement pour avoir accept\u00e9 sa nomination au Pays des Hommes int\u00e8gres.<\/div>\n<\/div>\n<div class=\"x14z9mp xat24cr x1lziwak x1vvkbs xtlvy1s x126k92a\" style=\"text-align: justify;\">\n<div dir=\"auto\">Monsieur Aliou DIONGUE entend inscrire son mandat \u00e0 la t\u00eate du PAM sous le signe de la continuit\u00e9, en alignant les interventions sur les priorit\u00e9s d\u00e9finies par le gouvernement burkinab\u00e8 dans le domaine de l&rsquo;atteinte de la s\u00e9curit\u00e9 alimentaire.<\/div>\n<\/div>\n<div class=\"x14z9mp xat24cr x1lziwak x1vvkbs xtlvy1s x126k92a\" style=\"text-align: justify;\">\n<div dir=\"auto\"><img fetchpriority=\"high\" decoding=\"async\" class=\" wp-image-16745 alignleft\" src=\"https:\/\/diplomatie.gov.bf\/wp-content\/uploads\/2026\/09\/797811747_1613419520131962_7464916042879050307_n-300x228.jpeg\" alt=\"\" width=\"355\" height=\"270\" srcset=\"https:\/\/diplomatie.gov.bf\/wp-content\/uploads\/2026\/09\/797811747_1613419520131962_7464916042879050307_n-300x228.jpeg 300w, https:\/\/diplomatie.gov.bf\/wp-content\/uploads\/2026\/09\/797811747_1613419520131962_7464916042879050307_n-1024x777.jpeg 1024w, https:\/\/diplomatie.gov.bf\/wp-content\/uploads\/2026\/09\/797811747_1613419520131962_7464916042879050307_n-768x583.jpeg 768w, https:\/\/diplomatie.gov.bf\/wp-content\/uploads\/2026\/09\/797811747_1613419520131962_7464916042879050307_n-1536x1166.jpeg 1536w, https:\/\/diplomatie.gov.bf\/wp-content\/uploads\/2026\/09\/797811747_1613419520131962_7464916042879050307_n.jpeg 2048w\" sizes=\"(max-width: 355px) 100vw, 355px\" \/>La nouvelle Repr\u00e9sentante du Haut-Commissariat des Nations unies pour les r\u00e9fugi\u00e9s s&rsquo;est aussi engag\u00e9e \u00e0 travailler en \u00e9troite collaboration avec les acteurs \u00e9tatiques, afin de consolider les acquis du partenariat entre le Burkina Faso et le HCR.<\/div>\n<\/div>\n<div class=\"x14z9mp xat24cr x1lziwak x1vvkbs xtlvy1s x126k92a\" style=\"text-align: justify;\">\n<div dir=\"auto\">Madame Saoudatou Bah MANSARE dit \u00eatre heureuse de servir au Burkina Faso dont le cadre institutionnel selon elle est un mod\u00e8le en mati\u00e8re de partenariat.<\/div>\n<\/div>\n<div class=\"x14z9mp xat24cr x1lziwak x1vvkbs xtlvy1s x126k92a\" style=\"text-align: justify;\">\n<div dir=\"auto\">Tout en f\u00e9licitant les deux responsables d&rsquo;agences onusiennes pour leur nomination au Burkina Faso, le ministre des Affaires \u00e9trang\u00e8res leur a donn\u00e9 des orientations relatives \u00e0 la vision actuelle du Burkina Faso en mati\u00e8re de coop\u00e9ration.<\/div>\n<\/div>\n<div class=\"x14z9mp xat24cr x1lziwak x1vvkbs xtlvy1s x126k92a\" style=\"text-align: justify;\">\n<div dir=\"auto\">Le camarade Kamarako Jean Marie TRAORE les a invit\u00e9s \u00e0 travailler dans un esprit de dialogue permanent avec les autorit\u00e9s nationales pour une coop\u00e9ration saine et fructueuse.<\/div>\n<\/div>\n<div class=\"x14z9mp xat24cr x1lziwak x1vvkbs xtlvy1s x126k92a\" style=\"text-align: justify;\">\n<div dir=\"auto\">Le Chef de la diplomatie burkinab\u00e8 a par ailleurs exprim\u00e9 la disponibilit\u00e9 de son d\u00e9partement \u00e0 les accompagner pour la r\u00e9ussite de leurs missions respectives.<\/div>\n<\/div>\n<div class=\"x14z9mp xat24cr x1lziwak x1vvkbs xtlvy1s x126k92a\">\n<div dir=\"auto\" style=\"text-align: justify;\">A noter que le nouveau Repr\u00e9sentant du PAM Monsieur Aliou DIONGUE, de nationalit\u00e9 s\u00e9n\u00e9galaise, et la nouvelle repr\u00e9sentante du HCR, Madame Saoudatou Bah MANSARE de nationalit\u00e9 guin\u00e9enne, ont tous les deux d\u00e9j\u00e0 servi au Mali et au Niger.<\/div>\n<\/div>\n","protected":false},"excerpt":{"rendered":"<p>Le camarade ministre des Affaires \u00e9trang\u00e8res Karamoko Jean Marie TRAORE, accompagn\u00e9 de la camarade ministre d\u00e9l\u00e9gu\u00e9e, B\u00eabgnasgnan Stella Eldine KABRE\/ KABOR\u00c9 et d&rsquo;autres collaborateurs, en re\u00e7u le nouveau Repr\u00e9sentant du Programme alimentaire mondial (PAM) Monsieur Aliou DIONGUE et la nouvelle repr\u00e9sentante du Haut-Commissariat des Nations unies pour les r\u00e9fugi\u00e9s (HCR) Madame Saoudatou Bah MANSARE, dans [&hellip;]<\/p>\n","protected":false},"author":9,"featured_media":16744,"comment_status":"closed","ping_status":"closed","sticky":false,"template":"","format":"standard","meta":{"footnotes":""},"categories":[21],"tags":[],"class_list":["post-16746","post","type-post","status-publish","format-standard","has-post-thumbnail","hentry","category-actualites"],"_links":{"self":[{"href":"https:\/\/diplomatie.gov.bf\/index.php\/wp-json\/wp\/v2\/posts\/16746","targetHints":{"allow":["GET"]}}],"collection":[{"href":"https:\/\/diplomatie.gov.bf\/index.php\/wp-json\/wp\/v2\/posts"}],"about":[{"href":"https:\/\/diplomatie.gov.bf\/index.php\/wp-json\/wp\/v2\/types\/post"}],"author":[{"embeddable":true,"href":"https:\/\/diplomatie.gov.bf\/index.php\/wp-json\/wp\/v2\/users\/9"}],"replies":[{"embeddable":true,"href":"https:\/\/diplomatie.gov.bf\/index.php\/wp-json\/wp\/v2\/comments?post=16746"}],"version-history":[{"count":1,"href":"https:\/\/diplomatie.gov.bf\/index.php\/wp-json\/wp\/v2\/posts\/16746\/revisions"}],"predecessor-version":[{"id":16748,"href":"https:\/\/diplomatie.gov.bf\/index.php\/wp-json\/wp\/v2\/posts\/16746\/revisions\/16748"}],"wp:featuredmedia":[{"embeddable":true,"href":"https:\/\/diplomatie.gov.bf\/index.php\/wp-json\/wp\/v2\/media\/16744"}],"wp:attachment":[{"href":"https:\/\/diplomatie.gov.bf\/index.php\/wp-json\/wp\/v2\/media?parent=16746"}],"wp:term":[{"taxonomy":"category","embeddable":true,"href":"https:\/\/diplomatie.gov.bf\/index.php\/wp-json\/wp\/v2\/categories?post=16746"},{"taxonomy":"post_tag","embeddable":true,"href":"https:\/\/diplomatie.gov.bf\/index.php\/wp-json\/wp\/v2\/tags?post=16746"}],"curies":[{"name":"wp","href":"https:\/\/api.w.org\/{rel}","templated":true}]}}