{"id":16735,"date":"2026-09-04T11:42:31","date_gmt":"2026-09-04T11:42:31","guid":{"rendered":"https:\/\/diplomatie.gov.bf\/?p=16735"},"modified":"2026-09-04T11:42:31","modified_gmt":"2026-09-04T11:42:31","slug":"sejour-du-chef-de-la-diplomatie-burkinabe-au-caire-echanges-avec-le-personnel-des-representants-diplomatiques-de-laes-et-des-partenaires","status":"publish","type":"post","link":"https:\/\/diplomatie.gov.bf\/index.php\/sejour-du-chef-de-la-diplomatie-burkinabe-au-caire-echanges-avec-le-personnel-des-representants-diplomatiques-de-laes-et-des-partenaires\/","title":{"rendered":"S\u00e9jour du Chef de la diplomatie burkinab\u00e8 au Caire : \u00e9changes avec le personnel, des repr\u00e9sentants diplomatiques de l\u2019AES et des partenaires"},"content":{"rendered":"<div class=\"x14z9mp xat24cr x1lziwak x1vvkbs xtlvy1s x126k92a\">\n<div dir=\"auto\" style=\"text-align: justify;\">Au cours de son s\u00e9jour au Caire, le ministre Karamoko Jean Marie TRAORE a re\u00e7u en audience, le mercredi 2 septembre 2026, au sein de l\u2019ambassade du Burkina Faso, plusieurs acteurs. Il a \u00e9galement proc\u00e9d\u00e9 \u00e0 un dialogue direct avec le personnel de l\u2019ambassade.<\/div>\n<\/div>\n<div class=\"x14z9mp xat24cr x1lziwak x1vvkbs xtlvy1s x126k92a\" style=\"text-align: justify;\">\n<div dir=\"auto\">Ces rencontres visaient \u00e0 \u00e9changer sur les questions d\u2019int\u00e9r\u00eats et \u00e0 renforcer la coordination avec les acteurs.<\/div>\n<\/div>\n<div class=\"x14z9mp xat24cr x1lziwak x1vvkbs xtlvy1s x126k92a\" style=\"text-align: justify;\">\n<div dir=\"auto\"><img fetchpriority=\"high\" decoding=\"async\" class=\"size-medium wp-image-16737 alignleft\" src=\"https:\/\/diplomatie.gov.bf\/wp-content\/uploads\/2026\/09\/795189531_1582357773631418_955293276801807996_n-300x225.jpeg\" alt=\"\" width=\"300\" height=\"225\" srcset=\"https:\/\/diplomatie.gov.bf\/wp-content\/uploads\/2026\/09\/795189531_1582357773631418_955293276801807996_n-300x225.jpeg 300w, https:\/\/diplomatie.gov.bf\/wp-content\/uploads\/2026\/09\/795189531_1582357773631418_955293276801807996_n-1024x768.jpeg 1024w, https:\/\/diplomatie.gov.bf\/wp-content\/uploads\/2026\/09\/795189531_1582357773631418_955293276801807996_n-768x576.jpeg 768w, https:\/\/diplomatie.gov.bf\/wp-content\/uploads\/2026\/09\/795189531_1582357773631418_955293276801807996_n-1536x1152.jpeg 1536w, https:\/\/diplomatie.gov.bf\/wp-content\/uploads\/2026\/09\/795189531_1582357773631418_955293276801807996_n.jpeg 2048w\" sizes=\"(max-width: 300px) 100vw, 300px\" \/>Au titre des audiences, le ministre a \u00e9chang\u00e9 l\u2019Ambassadeur du Mali, S.E.M.Alhamdou Baby SAMBA et la Charg\u00e9e d\u2019affaires du Niger, au Caire. Ils sont venus r\u00e9affirmer leur attachement \u00e0 la dynamique conf\u00e9d\u00e9rale, port\u00e9e par le leadership des trois Chefs d\u2019\u00c9tat.<\/div>\n<\/div>\n<div class=\"x14z9mp xat24cr x1lziwak x1vvkbs xtlvy1s x126k92a\" style=\"text-align: justify;\">\n<div dir=\"auto\">Ils ont soulign\u00e9 l\u2019esprit d\u2019unit\u00e9 et la concertation instaur\u00e9e entre les trois Repr\u00e9sentations diplomatiques de l\u2019AES au Caire, pour relever les d\u00e9fis communs.<\/div>\n<\/div>\n<div class=\"x14z9mp xat24cr x1lziwak x1vvkbs xtlvy1s x126k92a\" style=\"text-align: justify;\">\n<div dir=\"auto\">Le Chef de la diplomatie burkinab\u00e8 a salu\u00e9 cette concertation r\u00e9guli\u00e8re et a invit\u00e9 les diplomates de l\u2019AES \u00e0 s\u2019investir davantage dans le chantier de la d\u00e9construction des st\u00e9r\u00e9otypes sur les pays de la Conf\u00e9d\u00e9ration.<\/div>\n<\/div>\n<div class=\"x14z9mp xat24cr x1lziwak x1vvkbs xtlvy1s x126k92a\" style=\"text-align: justify;\">\n<div dir=\"auto\">Le ministre a \u00e9galement \u00e9chang\u00e9 avec la Camarade Safiatou TRAORE, une fonctionnaire internationale burkinab\u00e8 travaillant \u00e0 l\u2019Afreximbank, qui couvre notamment le Burkina Faso. Elle est venue discuter des opportunit\u00e9s de financement que son institution pourrait apporter au Burkina Faso, ainsi que des possibilit\u00e9s pour des comp\u00e9tences burkinab\u00e8 d\u2019int\u00e9grer l\u2019institution.<\/div>\n<\/div>\n<div class=\"x14z9mp xat24cr x1lziwak x1vvkbs xtlvy1s x126k92a\" style=\"text-align: justify;\">\n<div dir=\"auto\">Dans la suite des audiences, le Camarade Karamoko Jean Marie TRAORE s\u2019est entretenu avec une experte-comptable de la d\u00e9l\u00e9gation des hommes d\u2019affaires burkinab\u00e8, la Camarade Safiatou TRAORE, avec qui il a discut\u00e9 des possibilit\u00e9s d\u2019accompagner l\u2019\u00e9conomie burkinab\u00e8 \u00e0 travers son expertise.<\/div>\n<\/div>\n<div class=\"x14z9mp xat24cr x1lziwak x1vvkbs xtlvy1s x126k92a\" style=\"text-align: justify;\">\n<div dir=\"auto\"><\/div>\n<div dir=\"auto\">Le Chef de la diplomatie burkinab\u00e8 a \u00e9galement re\u00e7u Dr Ghada FOUAD, directrice du Centre africain de recherches et des \u00e9tudes, bas\u00e9 au Caire.<\/div>\n<\/div>\n<div class=\"x14z9mp xat24cr x1lziwak x1vvkbs xtlvy1s x126k92a\" style=\"text-align: justify;\">\n<div dir=\"auto\">Elle a pr\u00e9sent\u00e9 au ministre des opportunit\u00e9s de formation et de renforcement des capacit\u00e9s dans le domaine de l\u2019entrepreneuriat, au profit des jeunes, notamment des femmes de la Conf\u00e9d\u00e9ration des \u00c9tats du Sahel, \u00e9tablies en \u00c9gypte. Le ministre a salu\u00e9 cette initiative et invit\u00e9 la promotrice \u00e0 approfondir les \u00e9changes avec l\u2019Ambassade.<\/div>\n<\/div>\n<div class=\"x14z9mp xat24cr x1lziwak x1vvkbs xtlvy1s x126k92a\" style=\"text-align: justify;\">\n<div dir=\"auto\">Le ministre a enfin eu des discussions avec le personnel diplomatique de l\u2019Ambassade, avant de tenir des \u00e9changes directs avec le personnel local de la repr\u00e9sentation diplomatique.<\/div>\n<\/div>\n<div class=\"x14z9mp xat24cr x1lziwak x1vvkbs xtlvy1s x126k92a\" style=\"text-align: justify;\">\n<div dir=\"auto\">Ces \u00e9changes ont permis d\u2019\u00e9voquer les pr\u00e9occupations relatives aux conditions de vie et de travail du personnel.<\/div>\n<\/div>\n<div class=\"x14z9mp xat24cr x1lziwak x1vvkbs xtlvy1s x126k92a\" style=\"text-align: justify;\">\n<div dir=\"auto\"><img decoding=\"async\" class=\"size-medium wp-image-16738 alignleft\" src=\"https:\/\/diplomatie.gov.bf\/wp-content\/uploads\/2026\/09\/790528903_1050081970978518_5973704736971635871_n-300x190.jpeg\" alt=\"\" width=\"300\" height=\"190\" srcset=\"https:\/\/diplomatie.gov.bf\/wp-content\/uploads\/2026\/09\/790528903_1050081970978518_5973704736971635871_n-300x190.jpeg 300w, https:\/\/diplomatie.gov.bf\/wp-content\/uploads\/2026\/09\/790528903_1050081970978518_5973704736971635871_n-1024x650.jpeg 1024w, https:\/\/diplomatie.gov.bf\/wp-content\/uploads\/2026\/09\/790528903_1050081970978518_5973704736971635871_n-768x487.jpeg 768w, https:\/\/diplomatie.gov.bf\/wp-content\/uploads\/2026\/09\/790528903_1050081970978518_5973704736971635871_n-1536x974.jpeg 1536w, https:\/\/diplomatie.gov.bf\/wp-content\/uploads\/2026\/09\/790528903_1050081970978518_5973704736971635871_n.jpeg 2048w\" sizes=\"(max-width: 300px) 100vw, 300px\" \/><\/div>\n<div dir=\"auto\"><\/div>\n<div dir=\"auto\"><\/div>\n<div dir=\"auto\">\u00c0 ces pr\u00e9occupations, le ministre a apport\u00e9 des \u00e9l\u00e9ments de r\u00e9ponse et de solution, en rappelant la n\u00e9cessit\u00e9 pour l\u2019Ambassade de s\u2019inscrire dans le respect des textes en vigueur dans le pays, en ce qui concerne la gestion du personnel local.<\/div>\n<\/div>\n<div class=\"x14z9mp xat24cr x1lziwak x1vvkbs xtlvy1s x126k92a\">\n<div dir=\"auto\" style=\"text-align: justify;\">Il a salu\u00e9 l\u2019engagement de l\u2019ensemble du personnel en l\u2019invitant \u00e0 maintenir cette dynamique.<\/div>\n<\/div>\n","protected":false},"excerpt":{"rendered":"<p>Au cours de son s\u00e9jour au Caire, le ministre Karamoko Jean Marie TRAORE a re\u00e7u en audience, le mercredi 2 septembre 2026, au sein de l\u2019ambassade du Burkina Faso, plusieurs acteurs. Il a \u00e9galement proc\u00e9d\u00e9 \u00e0 un dialogue direct avec le personnel de l\u2019ambassade. Ces rencontres visaient \u00e0 \u00e9changer sur les questions d\u2019int\u00e9r\u00eats et \u00e0 [&hellip;]<\/p>\n","protected":false},"author":9,"featured_media":16736,"comment_status":"closed","ping_status":"closed","sticky":false,"template":"","format":"standard","meta":{"footnotes":""},"categories":[21],"tags":[],"class_list":["post-16735","post","type-post","status-publish","format-standard","has-post-thumbnail","hentry","category-actualites"],"_links":{"self":[{"href":"https:\/\/diplomatie.gov.bf\/index.php\/wp-json\/wp\/v2\/posts\/16735","targetHints":{"allow":["GET"]}}],"collection":[{"href":"https:\/\/diplomatie.gov.bf\/index.php\/wp-json\/wp\/v2\/posts"}],"about":[{"href":"https:\/\/diplomatie.gov.bf\/index.php\/wp-json\/wp\/v2\/types\/post"}],"author":[{"embeddable":true,"href":"https:\/\/diplomatie.gov.bf\/index.php\/wp-json\/wp\/v2\/users\/9"}],"replies":[{"embeddable":true,"href":"https:\/\/diplomatie.gov.bf\/index.php\/wp-json\/wp\/v2\/comments?post=16735"}],"version-history":[{"count":1,"href":"https:\/\/diplomatie.gov.bf\/index.php\/wp-json\/wp\/v2\/posts\/16735\/revisions"}],"predecessor-version":[{"id":16739,"href":"https:\/\/diplomatie.gov.bf\/index.php\/wp-json\/wp\/v2\/posts\/16735\/revisions\/16739"}],"wp:featuredmedia":[{"embeddable":true,"href":"https:\/\/diplomatie.gov.bf\/index.php\/wp-json\/wp\/v2\/media\/16736"}],"wp:attachment":[{"href":"https:\/\/diplomatie.gov.bf\/index.php\/wp-json\/wp\/v2\/media?parent=16735"}],"wp:term":[{"taxonomy":"category","embeddable":true,"href":"https:\/\/diplomatie.gov.bf\/index.php\/wp-json\/wp\/v2\/categories?post=16735"},{"taxonomy":"post_tag","embeddable":true,"href":"https:\/\/diplomatie.gov.bf\/index.php\/wp-json\/wp\/v2\/tags?post=16735"}],"curies":[{"name":"wp","href":"https:\/\/api.w.org\/{rel}","templated":true}]}}