{"id":16729,"date":"2026-09-03T11:14:01","date_gmt":"2026-09-03T11:14:01","guid":{"rendered":"https:\/\/diplomatie.gov.bf\/?p=16729"},"modified":"2026-09-03T11:14:01","modified_gmt":"2026-09-03T11:14:01","slug":"cooperation-burkina-faso-republique-arabe-degypte-un-forum-dedie-aux-opportunites-de-partenariats-et-dinvestissements-pour-les-hommes-daffaires-des-deux-pays","status":"publish","type":"post","link":"https:\/\/diplomatie.gov.bf\/index.php\/cooperation-burkina-faso-republique-arabe-degypte-un-forum-dedie-aux-opportunites-de-partenariats-et-dinvestissements-pour-les-hommes-daffaires-des-deux-pays\/","title":{"rendered":"Coop\u00e9ration Burkina Faso \u2013 R\u00e9publique Arabe d\u2019\u00c9gypte : un forum d\u00e9di\u00e9 aux opportunit\u00e9s de partenariats et d\u2019investissements pour les hommes d\u2019affaires des deux pays"},"content":{"rendered":"<div class=\"x14z9mp xat24cr x1lziwak x1vvkbs xtlvy1s x126k92a\">\n<div dir=\"auto\" style=\"text-align: justify;\">Le camarade ministre des Affaires \u00e9trang\u00e8res Karamoko Jean Marie TRAORE et son homologue \u00e9gyptien S.E.M. Badr ABDELATTY ont pr\u00e9sid\u00e9, le mardi 1er septembre 2026, dans la capitale \u00e9gyptienne, l\u2019ouverture du forum des hommes d\u2019affaires du Burkina Faso et de l\u2019\u00c9gypte.<\/div>\n<\/div>\n<div class=\"x14z9mp xat24cr x1lziwak x1vvkbs xtlvy1s x126k92a\" style=\"text-align: justify;\">\n<div dir=\"auto\">Apr\u00e8s un premier forum r\u00e9ussi au Burkina Faso, les op\u00e9rateurs \u00e9conomiques des deux pays se sont retrouv\u00e9s au Caire pour concr\u00e9tiser les engagements pris lors de la premi\u00e8re rencontre et tisser de nouveaux partenariats.<\/div>\n<\/div>\n<div class=\"x14z9mp xat24cr x1lziwak x1vvkbs xtlvy1s x126k92a\" style=\"text-align: justify;\">\n<div dir=\"auto\">Le Burkina Faso a pris part \u00e0 ce rendez-vous avec une vingtaine de chefs d\u2019entreprise, conduits par le pr\u00e9sident de la Chambre de Commerce et d\u2019Industrie du Burkina Faso (CCIBF), le Camarade Roland SOW.<\/div>\n<\/div>\n<div class=\"x14z9mp xat24cr x1lziwak x1vvkbs xtlvy1s x126k92a\" style=\"text-align: justify;\">\n<div dir=\"auto\">Du c\u00f4t\u00e9 \u00e9gyptien plus de 80 investisseurs et op\u00e9rateurs \u00e9conomiques ont manifest\u00e9 leur int\u00e9r\u00eat \u00e0 investir au Burkina Faso.<\/div>\n<\/div>\n<div class=\"x14z9mp xat24cr x1lziwak x1vvkbs xtlvy1s x126k92a\" style=\"text-align: justify;\">\n<div dir=\"auto\">Dans son intervention, le Chef de la diplomatie burkinab\u00e8 a soulign\u00e9 l\u2019importance de ce cadre d\u2019\u00e9changes pour rapprocher davantage les secteurs priv\u00e9s des deux pays et cr\u00e9er les conditions favorables au d\u00e9veloppement de partenariats \u00e9conomiques.<\/div>\n<\/div>\n<div class=\"x14z9mp xat24cr x1lziwak x1vvkbs xtlvy1s x126k92a\" style=\"text-align: justify;\">\n<div dir=\"auto\">Il a par cons\u00e9quent invit\u00e9 les acteurs \u00e0 concr\u00e9tiser ces \u00e9changes par une multitude de partenariats scell\u00e9s et des projets concrets.<\/div>\n<\/div>\n<div class=\"x14z9mp xat24cr x1lziwak x1vvkbs xtlvy1s x126k92a\" style=\"text-align: justify;\">\n<div dir=\"auto\">Cette rencontre traduit ainsi la volont\u00e9 des ministres des Affaires \u00e9trang\u00e8res des deux pays de donner un contenu \u00e9conomique \u00e0 la coop\u00e9ration bilat\u00e9rale et de construire un paysage structur\u00e9 et favorable aux investissements.<\/div>\n<\/div>\n<div class=\"x14z9mp xat24cr x1lziwak x1vvkbs xtlvy1s x126k92a\" style=\"text-align: justify;\">\n<div dir=\"auto\">Pour le Pr\u00e9sident de la CCIBF, cette rencontre marque une \u00e9tape importante dans la promotion d\u2019une coop\u00e9ration Sud-Sud et la valorisation des potentialit\u00e9s africaines.<\/div>\n<\/div>\n<div class=\"x14z9mp xat24cr x1lziwak x1vvkbs xtlvy1s x126k92a\" style=\"text-align: justify;\">\n<div dir=\"auto\">\u00ab Chaque fois qu&rsquo;on parle d\u2019affaires, c\u2019est aller \u00e0 l&rsquo;ext\u00e9rieur de l&rsquo;Afrique pour pouvoir sceller des partenariats. Aujourd&rsquo;hui on a des pays comme l&rsquo;Egypte qui sont des pays avec des infrastructures extr\u00eamement d\u00e9velopp\u00e9es et un savoir-faire et il est important pour nous qui sommes des pays du sud de pouvoir avoir ce partage d&rsquo;exp\u00e9rience, cette synergie d&rsquo;action pour pouvoir co-construire nos \u00e9conomies \u00bb, a-t-il indiqu\u00e9.<\/div>\n<\/div>\n<div class=\"x14z9mp xat24cr x1lziwak x1vvkbs xtlvy1s x126k92a\" style=\"text-align: justify;\">\n<div dir=\"auto\">Dans l\u2019attente de la finalisation des accords et de la concr\u00e9tisation des projets d\u2019investissement b\u00e9n\u00e9fiques aux deux nations, les hommes d\u2019affaires ont annonc\u00e9, avec le soutien politique des deux \u00c9tats, la mise en place de m\u00e9canismes visant \u00e0 faciliter davantage les \u00e9changes.<\/div>\n<\/div>\n<div class=\"x14z9mp xat24cr x1lziwak x1vvkbs xtlvy1s x126k92a\" style=\"text-align: justify;\">\n<div dir=\"auto\">Il s\u2019agit notamment de l\u2019ouverture d\u2019une ligne a\u00e9rienne directe entre Ouagadougou et Le Caire, ainsi que de la simplification des proc\u00e9dures de d\u00e9livrance des visas, afin de faciliter les d\u00e9placements des hommes d\u2019affaires des deux pays et ainsi renforcer leurs relations \u00e9conomiques.<\/div>\n<\/div>\n<div class=\"x14z9mp xat24cr x1lziwak x1vvkbs xtlvy1s x126k92a\" style=\"text-align: justify;\">\n<div dir=\"auto\">En marge du forum, une sortie terrain a \u00e9t\u00e9 effectu\u00e9e ce mardi 2 septembre par la d\u00e9l\u00e9gation des hommes d\u2019affaires aupr\u00e8s de deux entreprises \u00e9gyptiennes.<\/div>\n<\/div>\n<div class=\"x14z9mp xat24cr x1lziwak x1vvkbs xtlvy1s x126k92a\" style=\"text-align: justify;\">\n<div dir=\"auto\">La d\u00e9l\u00e9gation a notamment visit\u00e9 l\u2019entreprise \u00ab Aller Aqua \u00bb, une unit\u00e9 sp\u00e9cialis\u00e9e dans la production d\u2019aliments pour poissons, et la soci\u00e9t\u00e9 \u00ab El Marakysteel \u00bb, une entreprise sp\u00e9cialis\u00e9e dans la production de fer \u00e0 b\u00e9ton.<\/div>\n<\/div>\n<div class=\"x14z9mp xat24cr x1lziwak x1vvkbs xtlvy1s x126k92a\">\n<div dir=\"auto\" style=\"text-align: justify;\">La visite a permis \u00e0 la d\u00e9l\u00e9gation burkinab\u00e8 de d\u00e9couvrir les activit\u00e9s de ces entreprises et de mieux appr\u00e9cier leurs exp\u00e9riences et leur savoir-faire, offrant l\u2019occasion d\u2019\u00e9changer sur les possibilit\u00e9s de coop\u00e9ration et de partenariat avec des entreprises burkinab\u00e8.<\/div>\n<\/div>\n","protected":false},"excerpt":{"rendered":"<p>Le camarade ministre des Affaires \u00e9trang\u00e8res Karamoko Jean Marie TRAORE et son homologue \u00e9gyptien S.E.M. Badr ABDELATTY ont pr\u00e9sid\u00e9, le mardi 1er septembre 2026, dans la capitale \u00e9gyptienne, l\u2019ouverture du forum des hommes d\u2019affaires du Burkina Faso et de l\u2019\u00c9gypte. Apr\u00e8s un premier forum r\u00e9ussi au Burkina Faso, les op\u00e9rateurs \u00e9conomiques des deux pays se [&hellip;]<\/p>\n","protected":false},"author":9,"featured_media":16730,"comment_status":"closed","ping_status":"closed","sticky":false,"template":"","format":"standard","meta":{"footnotes":""},"categories":[21],"tags":[],"class_list":["post-16729","post","type-post","status-publish","format-standard","has-post-thumbnail","hentry","category-actualites"],"_links":{"self":[{"href":"https:\/\/diplomatie.gov.bf\/index.php\/wp-json\/wp\/v2\/posts\/16729","targetHints":{"allow":["GET"]}}],"collection":[{"href":"https:\/\/diplomatie.gov.bf\/index.php\/wp-json\/wp\/v2\/posts"}],"about":[{"href":"https:\/\/diplomatie.gov.bf\/index.php\/wp-json\/wp\/v2\/types\/post"}],"author":[{"embeddable":true,"href":"https:\/\/diplomatie.gov.bf\/index.php\/wp-json\/wp\/v2\/users\/9"}],"replies":[{"embeddable":true,"href":"https:\/\/diplomatie.gov.bf\/index.php\/wp-json\/wp\/v2\/comments?post=16729"}],"version-history":[{"count":1,"href":"https:\/\/diplomatie.gov.bf\/index.php\/wp-json\/wp\/v2\/posts\/16729\/revisions"}],"predecessor-version":[{"id":16731,"href":"https:\/\/diplomatie.gov.bf\/index.php\/wp-json\/wp\/v2\/posts\/16729\/revisions\/16731"}],"wp:featuredmedia":[{"embeddable":true,"href":"https:\/\/diplomatie.gov.bf\/index.php\/wp-json\/wp\/v2\/media\/16730"}],"wp:attachment":[{"href":"https:\/\/diplomatie.gov.bf\/index.php\/wp-json\/wp\/v2\/media?parent=16729"}],"wp:term":[{"taxonomy":"category","embeddable":true,"href":"https:\/\/diplomatie.gov.bf\/index.php\/wp-json\/wp\/v2\/categories?post=16729"},{"taxonomy":"post_tag","embeddable":true,"href":"https:\/\/diplomatie.gov.bf\/index.php\/wp-json\/wp\/v2\/tags?post=16729"}],"curies":[{"name":"wp","href":"https:\/\/api.w.org\/{rel}","templated":true}]}}