{"id":16721,"date":"2026-09-02T15:22:30","date_gmt":"2026-09-02T15:22:30","guid":{"rendered":"https:\/\/diplomatie.gov.bf\/?p=16721"},"modified":"2026-09-02T15:23:23","modified_gmt":"2026-09-02T15:23:23","slug":"sejour-du-chef-de-la-diplomatie-en-egypte-le-camarade-karamoko-jean-marie-traore-donne-des-nouvelles-rassurantes-aux-compatriotes-et-les-invite-a-soutenir-les-reformes-en-cours-au-burkina-faso","status":"publish","type":"post","link":"https:\/\/diplomatie.gov.bf\/index.php\/sejour-du-chef-de-la-diplomatie-en-egypte-le-camarade-karamoko-jean-marie-traore-donne-des-nouvelles-rassurantes-aux-compatriotes-et-les-invite-a-soutenir-les-reformes-en-cours-au-burkina-faso\/","title":{"rendered":"S\u00e9jour du Chef de la diplomatie en \u00c9gypte :  le Camarade Karamoko Jean Marie TRAOR\u00c9 donne des nouvelles rassurantes aux compatriotes et les invite \u00e0 soutenir les r\u00e9formes en cours au Burkina Faso"},"content":{"rendered":"<div class=\"x14z9mp xat24cr x1lziwak x1vvkbs xtlvy1s x126k92a\">\n<div dir=\"auto\" style=\"text-align: justify;\">En s\u00e9jour dans la capitale \u00e9gyptienne pour une visite d\u2019amiti\u00e9 et de travail, le Camarade ministre des Affaires \u00e9trang\u00e8res a rencontr\u00e9, le lundi 31 ao\u00fbt 2026, les membres de la communaut\u00e9 burkinab\u00e8 vivant en \u00c9gypte,.<\/div>\n<\/div>\n<div class=\"x14z9mp xat24cr x1lziwak x1vvkbs xtlvy1s x126k92a\" style=\"text-align: justify;\">\n<div dir=\"auto\">D&rsquo;autres ressortissants burkinab\u00e8 de la Juridiction diplomatique du Caire, notamment ceux du Liban, de la Jordanie, du Soudan et de la Palestine ont \u00e9galement pris part aux \u00e9changes par visioconf\u00e9rence.<\/div>\n<\/div>\n<div class=\"x14z9mp xat24cr x1lziwak x1vvkbs xtlvy1s x126k92a\" style=\"text-align: justify;\">\n<div dir=\"auto\">Cette rencontre a \u00e9t\u00e9 le lieu pour le ministre des Affaires \u00e9trang\u00e8res, de partager avec les compatriotes les nouvelles du pays, relatives \u00e0 l\u2019\u00e9volution sur le plan s\u00e9curitaire et aux performances enregistr\u00e9es par notre pays en mati\u00e8re de d\u00e9veloppement.<\/div>\n<\/div>\n<div class=\"x14z9mp xat24cr x1lziwak x1vvkbs xtlvy1s x126k92a\" style=\"text-align: justify;\">\n<div dir=\"auto\">\u00ab Je suis l\u00e0 pour vous rassurer que les choses avancent sur tous les fronts. Le pays est en train d\u2019\u00eatre s\u00e9curis\u00e9 gr\u00e2ce \u00e0 l\u2019engagement des Forces de d\u00e9fense et de s\u00e9curit\u00e9. Le retour des personnes d\u00e9plac\u00e9es dans leurs localit\u00e9s d\u2019origine est le signal que les choses avancent. Sur le plan du d\u00e9veloppement, plusieurs actions sont engag\u00e9es \u00e0 travers les grandes Initiatives pr\u00e9sidentielles \u00bb, a indiqu\u00e9 le ministre.<\/div>\n<\/div>\n<div class=\"x14z9mp xat24cr x1lziwak x1vvkbs xtlvy1s x126k92a\" style=\"text-align: justify;\">\n<div dir=\"auto\">Le Chef de la diplomatie burkinab\u00e8 a dit sa satisfaction quant \u00e0 la mobilisation des Burkinab\u00e8 et notamment ceux de la diaspora pour soutenir ces efforts.<\/div>\n<\/div>\n<div class=\"x14z9mp xat24cr x1lziwak x1vvkbs xtlvy1s x126k92a\" style=\"text-align: justify;\">\n<div dir=\"auto\">Le ministre a, par ailleurs, appel\u00e9 \u00e0 la vigilance face aux informations erron\u00e9es v\u00e9hicul\u00e9es sur la situation nationale, dans le seul but de discr\u00e9diter les efforts des autorit\u00e9s et la dynamique de reconstruction dans notre pays.<\/div>\n<\/div>\n<div class=\"x14z9mp xat24cr x1lziwak x1vvkbs xtlvy1s x126k92a\" style=\"text-align: justify;\">\n<div dir=\"auto\">Il a invit\u00e9 les compatriotes \u00e0 toujours se r\u00e9f\u00e9rer \u00e0 leur ambassade pour avoir les informations fiables du pays.<\/div>\n<\/div>\n<div class=\"x14z9mp xat24cr x1lziwak x1vvkbs xtlvy1s x126k92a\" style=\"text-align: justify;\">\n<div dir=\"auto\">Le camarade ministre des Affaires \u00e9trang\u00e8res a aussi rappel\u00e9 les r\u00e9formes engag\u00e9es par le Pr\u00e9sident du Faso, surtout le processus de restauration de l\u2019ordre et de la discipline, n\u00e9cessaires, selon lui pour reformer la soci\u00e9t\u00e9 burkinab\u00e8 et la refondation de notre nation.<\/div>\n<\/div>\n<div class=\"x14z9mp xat24cr x1lziwak x1vvkbs xtlvy1s x126k92a\" style=\"text-align: justify;\">\n<div dir=\"auto\">Ce cadre d&rsquo;\u00e9change a permis aux membres de la diaspora de soumettre plusieurs pr\u00e9occupations, li\u00e9es notamment aux difficult\u00e9s d\u2019obtention de documents de s\u00e9jour, les proc\u00e9dures d\u2019authentification des documents acad\u00e9miques pour les \u00e9tudiants issus du cursus franco-arabe, la clarification des reformes entreprises pour les \u00e9tudes acad\u00e9miques et islamiques \u00e0 l\u2019ext\u00e9rieur.<\/div>\n<\/div>\n<div class=\"x14z9mp xat24cr x1lziwak x1vvkbs xtlvy1s x126k92a\" style=\"text-align: justify;\">\n<div dir=\"auto\">Dans un esprit de dialogue, le ministre a apport\u00e9 des r\u00e9ponses et des \u00e9clairages sur les diff\u00e9rentes proc\u00e9dures ainsi que les r\u00e9formes entreprises par les autorit\u00e9s.<\/div>\n<\/div>\n<div class=\"x14z9mp xat24cr x1lziwak x1vvkbs xtlvy1s x126k92a\" style=\"text-align: justify;\">\n<div dir=\"auto\">Tout en r\u00e9affirmant la disponibilit\u00e9 de l\u2019ambassade \u00e0 accompagner les compatriotes dans les diff\u00e9rentes d\u00e9marches, le ministre a invit\u00e9 les compatriotes \u00e0 se remobiliser davantage autour des actions et des r\u00e9formes en cours au Burkina Faso.<\/div>\n<\/div>\n<div class=\"x14z9mp xat24cr x1lziwak x1vvkbs xtlvy1s x126k92a\" style=\"text-align: justify;\">\n<div dir=\"auto\">Pour terminer, le Chef de la diplomatie burkinab\u00e8 a prodigu\u00e9 des conseils aux compatriotes, en les invitant au respect des lois et des r\u00e8glements du pays d\u2019accueil, afin de renforcer la coh\u00e9sion et leur int\u00e9gration, et surtout \u0153uvrer au renforcement des liens d\u2019amiti\u00e9 et de coop\u00e9ration entre le Burkina Faso et la R\u00e9publique Arabe d\u2019\u00c9gypte.<\/div>\n<\/div>\n<div class=\"x14z9mp xat24cr x1lziwak x1vvkbs xtlvy1s x126k92a\">\n<div dir=\"auto\" style=\"text-align: justify;\">\u00c0 l\u2019issue de la rencontre, les Burkinab\u00e8 d\u2019\u00c9gypte ont exprim\u00e9 leur satisfaction et r\u00e9affirm\u00e9 leur attachement \u00e0 la m\u00e8re patrie, tout en relevant la fiert\u00e9 qu\u2019ils \u00e9prouvent \u00e0 repr\u00e9senter leur pays \u00e0 l\u2019\u00e9tranger, au regard du rayonnement du Burkina Faso, port\u00e9 par la vision et les actions r\u00e9volutionnaires des plus hautes autorit\u00e9s.<\/div>\n<\/div>\n","protected":false},"excerpt":{"rendered":"<p>En s\u00e9jour dans la capitale \u00e9gyptienne pour une visite d\u2019amiti\u00e9 et de travail, le Camarade ministre des Affaires \u00e9trang\u00e8res a rencontr\u00e9, le lundi 31 ao\u00fbt 2026, les membres de la communaut\u00e9 burkinab\u00e8 vivant en \u00c9gypte,. D&rsquo;autres ressortissants burkinab\u00e8 de la Juridiction diplomatique du Caire, notamment ceux du Liban, de la Jordanie, du Soudan et de [&hellip;]<\/p>\n","protected":false},"author":9,"featured_media":16723,"comment_status":"closed","ping_status":"closed","sticky":false,"template":"","format":"standard","meta":{"footnotes":""},"categories":[21],"tags":[],"class_list":["post-16721","post","type-post","status-publish","format-standard","has-post-thumbnail","hentry","category-actualites"],"_links":{"self":[{"href":"https:\/\/diplomatie.gov.bf\/index.php\/wp-json\/wp\/v2\/posts\/16721","targetHints":{"allow":["GET"]}}],"collection":[{"href":"https:\/\/diplomatie.gov.bf\/index.php\/wp-json\/wp\/v2\/posts"}],"about":[{"href":"https:\/\/diplomatie.gov.bf\/index.php\/wp-json\/wp\/v2\/types\/post"}],"author":[{"embeddable":true,"href":"https:\/\/diplomatie.gov.bf\/index.php\/wp-json\/wp\/v2\/users\/9"}],"replies":[{"embeddable":true,"href":"https:\/\/diplomatie.gov.bf\/index.php\/wp-json\/wp\/v2\/comments?post=16721"}],"version-history":[{"count":1,"href":"https:\/\/diplomatie.gov.bf\/index.php\/wp-json\/wp\/v2\/posts\/16721\/revisions"}],"predecessor-version":[{"id":16724,"href":"https:\/\/diplomatie.gov.bf\/index.php\/wp-json\/wp\/v2\/posts\/16721\/revisions\/16724"}],"wp:featuredmedia":[{"embeddable":true,"href":"https:\/\/diplomatie.gov.bf\/index.php\/wp-json\/wp\/v2\/media\/16723"}],"wp:attachment":[{"href":"https:\/\/diplomatie.gov.bf\/index.php\/wp-json\/wp\/v2\/media?parent=16721"}],"wp:term":[{"taxonomy":"category","embeddable":true,"href":"https:\/\/diplomatie.gov.bf\/index.php\/wp-json\/wp\/v2\/categories?post=16721"},{"taxonomy":"post_tag","embeddable":true,"href":"https:\/\/diplomatie.gov.bf\/index.php\/wp-json\/wp\/v2\/tags?post=16721"}],"curies":[{"name":"wp","href":"https:\/\/api.w.org\/{rel}","templated":true}]}}