{"id":16710,"date":"2026-08-30T09:43:29","date_gmt":"2026-08-30T09:43:29","guid":{"rendered":"https:\/\/diplomatie.gov.bf\/?p=16710"},"modified":"2026-08-31T09:50:07","modified_gmt":"2026-08-31T09:50:07","slug":"promotion-des-competences-burkinabe-a-linternational-le-mae-renforce-le-cadre-de-concertation-avec-les-fonctionnaires-internationaux-et-les-experts-de-la-diaspora-burkinabe","status":"publish","type":"post","link":"https:\/\/diplomatie.gov.bf\/index.php\/promotion-des-competences-burkinabe-a-linternational-le-mae-renforce-le-cadre-de-concertation-avec-les-fonctionnaires-internationaux-et-les-experts-de-la-diaspora-burkinabe\/","title":{"rendered":"Promotion des comp\u00e9tences burkinab\u00e8 \u00e0 l\u2019international : le MAE renforce le cadre de concertation avec les fonctionnaires internationaux et les experts de la diaspora burkinab\u00e8"},"content":{"rendered":"<div class=\"x14z9mp xat24cr x1lziwak x1vvkbs xtlvy1s x126k92a\">\n<div dir=\"auto\" style=\"text-align: justify;\"><img fetchpriority=\"high\" decoding=\"async\" class=\" wp-image-16717 alignleft\" src=\"https:\/\/diplomatie.gov.bf\/wp-content\/uploads\/2026\/08\/788438766_1572634224243161_8076528584223357435_n-258x300.jpeg\" alt=\"\" width=\"290\" height=\"337\" srcset=\"https:\/\/diplomatie.gov.bf\/wp-content\/uploads\/2026\/08\/788438766_1572634224243161_8076528584223357435_n-258x300.jpeg 258w, https:\/\/diplomatie.gov.bf\/wp-content\/uploads\/2026\/08\/788438766_1572634224243161_8076528584223357435_n-879x1024.jpeg 879w, https:\/\/diplomatie.gov.bf\/wp-content\/uploads\/2026\/08\/788438766_1572634224243161_8076528584223357435_n-768x895.jpeg 768w, https:\/\/diplomatie.gov.bf\/wp-content\/uploads\/2026\/08\/788438766_1572634224243161_8076528584223357435_n-1319x1536.jpeg 1319w, https:\/\/diplomatie.gov.bf\/wp-content\/uploads\/2026\/08\/788438766_1572634224243161_8076528584223357435_n.jpeg 1758w\" sizes=\"(max-width: 290px) 100vw, 290px\" \/>Le camarade ministre des Affaires \u00e9trang\u00e8res, Karamoko Jean Marie TRAORE a pr\u00e9sid\u00e9, le samedi 29 ao\u00fbt 2026, un webinaire d\u2019\u00e9changes avec les fonctionnaires internationaux et les experts de la diaspora burkinab\u00e8, plac\u00e9 sous le th\u00e8me \u00ab Contribution des Fonctionnaires internationaux burkinab\u00e8 au d\u00e9veloppement inclusif du Burkina Faso \u00bb.<\/div>\n<\/div>\n<div class=\"x14z9mp xat24cr x1lziwak x1vvkbs xtlvy1s x126k92a\" style=\"text-align: justify;\">\n<div dir=\"auto\">Cet \u00e9change en format virtuel et pr\u00e9sentiel a connu une forte participation de plus de 500 participants en ligne, des personnes ressources et des cadres burkinab\u00e8 issus d&rsquo;institutions internationales telles que l\u2019UEMOA.<\/div>\n<\/div>\n<div class=\"x14z9mp xat24cr x1lziwak x1vvkbs xtlvy1s x126k92a\" style=\"text-align: justify;\">\n<div dir=\"auto\">Cette initiative vise \u00e0 mobiliser les competences burkinab\u00e8 \u00e0 travers le monde, en vue de renforcer l\u2019influence internationale du Burkina Faso et de soutenir son d\u00e9veloppement.<\/div>\n<\/div>\n<div class=\"x14z9mp xat24cr x1lziwak x1vvkbs xtlvy1s x126k92a\" style=\"text-align: justify;\">\n<div dir=\"auto\">La s\u00e9ance a \u00e9t\u00e9 ponctu\u00e9e de diff\u00e9r\u00e9ntes communications, portant sur le site web des Fonctionnaires internationaux burkinab\u00e8, mis en place par le minist\u00e8re des Affaires \u00e9trang\u00e8res, les Initiatives pr\u00e9sidentielles et la strat\u00e9gie nationale de placement des Burkinab\u00e8 dans les organisations internationales.<\/div>\n<\/div>\n<div class=\"x14z9mp xat24cr x1lziwak x1vvkbs xtlvy1s x126k92a\" style=\"text-align: justify;\">\n<div dir=\"auto\">Avant d\u2019ouvrir les \u00e9changes, le camarade ministre des Affaires \u00e9trang\u00e8res a rappel\u00e9 la place strat\u00e9gique qu\u2019occupent les fonctionnaires internationaux burkinab\u00e8 et les experts de la diaspora dans le rayonnement de la Patrie.<\/div>\n<\/div>\n<div class=\"x14z9mp xat24cr x1lziwak x1vvkbs xtlvy1s x126k92a\" style=\"text-align: justify;\">\n<div dir=\"auto\">\u00ab Ce sont des ambassadeurs, des acteurs de rayonnement et de positionnement de notre pays. Et en cela il est indispensable que nous puissions travailler main dans la main, trouver des cadres pour \u00e9changer, s&rsquo;\u00e9couter, s\u2019enrichir, et definir la responsabilit\u00e9 de chacun de nous dans la dynamique de postionnement du pays\u00bb, a-t-il indiqu\u00e9.<\/div>\n<\/div>\n<div class=\"x14z9mp xat24cr x1lziwak x1vvkbs xtlvy1s x126k92a\" style=\"text-align: justify;\">\n<div dir=\"auto\">Le Chef de la diplomatie burkinab\u00e8 a soulign\u00e9 que ce cadre de concertation vise surtout \u00e0 r\u00e9fl\u00e9chir sur les m\u00e9canismes pour renforcer la pr\u00e9sence des Burkinab\u00e8 dans les organisations internationales, \u00e0 accompagner les candidatures burkinab\u00e8 et \u00e0 soutenir davantage les progressions professionnelles.<\/div>\n<\/div>\n<div class=\"x14z9mp xat24cr x1lziwak x1vvkbs xtlvy1s x126k92a\" style=\"text-align: justify;\">\n<div dir=\"auto\">\u00ab Nous sommes aujourd&rsquo;hui dans une d\u00e9marche de diplomatie d&rsquo;influence qui veut que nous puissions mettre en place des outils et des acteurs, pour influencer et impacter les orientations et les d\u00e9cisions au niveau mondial \u00bb, a rench\u00e9rit le ministre TRAORE.<\/div>\n<\/div>\n<div class=\"x14z9mp xat24cr x1lziwak x1vvkbs xtlvy1s x126k92a\" style=\"text-align: justify;\">\n<div dir=\"auto\"><img decoding=\"async\" class=\" wp-image-16718 alignleft\" src=\"https:\/\/diplomatie.gov.bf\/wp-content\/uploads\/2026\/08\/784003768_1385478169638054_2217742472172445365_n-300x169.jpeg\" alt=\"\" width=\"401\" height=\"226\" srcset=\"https:\/\/diplomatie.gov.bf\/wp-content\/uploads\/2026\/08\/784003768_1385478169638054_2217742472172445365_n-300x169.jpeg 300w, https:\/\/diplomatie.gov.bf\/wp-content\/uploads\/2026\/08\/784003768_1385478169638054_2217742472172445365_n-1024x576.jpeg 1024w, https:\/\/diplomatie.gov.bf\/wp-content\/uploads\/2026\/08\/784003768_1385478169638054_2217742472172445365_n-768x432.jpeg 768w, https:\/\/diplomatie.gov.bf\/wp-content\/uploads\/2026\/08\/784003768_1385478169638054_2217742472172445365_n-1536x863.jpeg 1536w, https:\/\/diplomatie.gov.bf\/wp-content\/uploads\/2026\/08\/784003768_1385478169638054_2217742472172445365_n.jpeg 2048w\" sizes=\"(max-width: 401px) 100vw, 401px\" \/>Au nom des fonctionnaires internationaux et des experts de la diaspora, le Pr Michel Filiga SAWADOGO a salu\u00e9 l\u2019inititiave et les efforts engag\u00e9s par les autorit\u00e9s burkinab\u00e8, pour le renforcement de la souverainet\u00e9 nationale et la cr\u00e9ation de conditions d\u2019un d\u00e9veloppement endog\u00e8ne.<\/div>\n<div dir=\"auto\">Il a r\u00e9affirm\u00e9 leur engagement \u00e0 accompagner les efforts pour le d\u00e9veloppement et le rayonnement du Burkina Faso.<\/div>\n<\/div>\n<div class=\"x14z9mp xat24cr x1lziwak x1vvkbs xtlvy1s x126k92a\" style=\"text-align: justify;\">\n<div dir=\"auto\">Les \u00e9changes se sont d\u00e9roul\u00e9s pendant plus de 03 heures, marqu\u00e9s par un engouement et un int\u00e9r\u00eat r\u00e9el des participants \u00e0 contribuer \u00e0 la r\u00e9flexion strat\u00e9gique, pour une meilleure promotion de l\u2019expertise burkinab\u00e8 \u00e0 l\u2019international, l\u2019orientation de ces comp\u00e9tences au service du d\u00e9veloppement socio-\u00e9conomique de notre pays ainsi que le positionnement et le rayonnement du Burkina Faso.<\/div>\n<\/div>\n<div class=\"x14z9mp xat24cr x1lziwak x1vvkbs xtlvy1s x126k92a\" style=\"text-align: justify;\">\n<div dir=\"auto\">Parmi les propositions faites par les participants, figurent la cr\u00e9ation de cadres permanents de concertation, la d\u00e9signation de points focaux dans les diff\u00e9rents pays de r\u00e9sidence, le d\u00e9veloppement de m\u00e9canismes de partage d\u2019informations, ainsi que la mise en place de \u00ab champions internationaux \u00bb, capables de porter la voix et les int\u00e9r\u00eats du Burkina Faso dans les grandes organisations et instances de d\u00e9cision.<\/div>\n<\/div>\n<div class=\"x14z9mp xat24cr x1lziwak x1vvkbs xtlvy1s x126k92a\" style=\"text-align: justify;\">\n<div dir=\"auto\">Les participants ont \u00e9galement soulign\u00e9 le r\u00f4le essentiel des Missions diplomatiques et Postes consulaires dans l\u2019identification, l\u2019accompagnement et la mobilisation des comp\u00e9tences nationales \u00e0 l\u2019\u00e9tranger.<\/div>\n<\/div>\n<div class=\"x14z9mp xat24cr x1lziwak x1vvkbs xtlvy1s x126k92a\" style=\"text-align: justify;\">\n<div dir=\"auto\">Des initiatives d\u00e9j\u00e0 en cours ont \u00e9t\u00e9 pr\u00e9sent\u00e9es, notamment avec la mise en place d\u2019une \u00ab Task force \u00bb d\u2019experts burkinab\u00e8 en Allemagne ainsi que l\u2019organisation en coop\u00e9rative d\u2019experts burkinab\u00e8 au Canada.<\/div>\n<\/div>\n<div class=\"x14z9mp xat24cr x1lziwak x1vvkbs xtlvy1s x126k92a\" style=\"text-align: justify;\">\n<div dir=\"auto\">Le ministre a salu\u00e9 ces exemples qui illustrent le dynamisme des acteurs et leur volont\u00e9 d\u2019accompagner les actions engag\u00e9es en faveur du d\u00e9veloppement et du rayonnement du Burkina Faso.<\/div>\n<\/div>\n<div class=\"x14z9mp xat24cr x1lziwak x1vvkbs xtlvy1s x126k92a\" style=\"text-align: justify;\">\n<div dir=\"auto\">Les participants ont r\u00e9affirm\u00e9 leur disponibilit\u00e9 \u00e0 soutenir les efforts du gouvernement visant \u00e0 mieux valoriser l\u2019expertise nationale, \u00e0 renforcer la pr\u00e9sence des Burkinab\u00e8 dans les organisations internationales et \u00e0 faire de ces comp\u00e9tences un levier de d\u00e9veloppement et d\u2019influence pour le Burkina Faso.<\/div>\n<\/div>\n<div class=\"x14z9mp xat24cr x1lziwak x1vvkbs xtlvy1s x126k92a\">\n<div dir=\"auto\" style=\"text-align: justify;\">Ce webinaire s\u2019inscrit dans le prolongement du premier Forum des fonctionnaires internationaux burkinab\u00e8, organis\u00e9 en d\u00e9cembre 2022 par le minist\u00e8re des Affaires \u00e9trang\u00e8res, et t\u00e9moigne de la volont\u00e9 de ce d\u00e9partement de consolider un cadre permanent de dialogue et de collaboration avec les comp\u00e9tences nationales \u00e9tablies \u00e0 l\u2019\u00e9tranger.<\/div>\n<\/div>\n","protected":false},"excerpt":{"rendered":"<p>Le camarade ministre des Affaires \u00e9trang\u00e8res, Karamoko Jean Marie TRAORE a pr\u00e9sid\u00e9, le samedi 29 ao\u00fbt 2026, un webinaire d\u2019\u00e9changes avec les fonctionnaires internationaux et les experts de la diaspora burkinab\u00e8, plac\u00e9 sous le th\u00e8me \u00ab Contribution des Fonctionnaires internationaux burkinab\u00e8 au d\u00e9veloppement inclusif du Burkina Faso \u00bb. Cet \u00e9change en format virtuel et pr\u00e9sentiel [&hellip;]<\/p>\n","protected":false},"author":9,"featured_media":16716,"comment_status":"closed","ping_status":"closed","sticky":false,"template":"","format":"standard","meta":{"footnotes":""},"categories":[21],"tags":[],"class_list":["post-16710","post","type-post","status-publish","format-standard","has-post-thumbnail","hentry","category-actualites"],"_links":{"self":[{"href":"https:\/\/diplomatie.gov.bf\/index.php\/wp-json\/wp\/v2\/posts\/16710","targetHints":{"allow":["GET"]}}],"collection":[{"href":"https:\/\/diplomatie.gov.bf\/index.php\/wp-json\/wp\/v2\/posts"}],"about":[{"href":"https:\/\/diplomatie.gov.bf\/index.php\/wp-json\/wp\/v2\/types\/post"}],"author":[{"embeddable":true,"href":"https:\/\/diplomatie.gov.bf\/index.php\/wp-json\/wp\/v2\/users\/9"}],"replies":[{"embeddable":true,"href":"https:\/\/diplomatie.gov.bf\/index.php\/wp-json\/wp\/v2\/comments?post=16710"}],"version-history":[{"count":1,"href":"https:\/\/diplomatie.gov.bf\/index.php\/wp-json\/wp\/v2\/posts\/16710\/revisions"}],"predecessor-version":[{"id":16719,"href":"https:\/\/diplomatie.gov.bf\/index.php\/wp-json\/wp\/v2\/posts\/16710\/revisions\/16719"}],"wp:featuredmedia":[{"embeddable":true,"href":"https:\/\/diplomatie.gov.bf\/index.php\/wp-json\/wp\/v2\/media\/16716"}],"wp:attachment":[{"href":"https:\/\/diplomatie.gov.bf\/index.php\/wp-json\/wp\/v2\/media?parent=16710"}],"wp:term":[{"taxonomy":"category","embeddable":true,"href":"https:\/\/diplomatie.gov.bf\/index.php\/wp-json\/wp\/v2\/categories?post=16710"},{"taxonomy":"post_tag","embeddable":true,"href":"https:\/\/diplomatie.gov.bf\/index.php\/wp-json\/wp\/v2\/tags?post=16710"}],"curies":[{"name":"wp","href":"https:\/\/api.w.org\/{rel}","templated":true}]}}