{"id":16709,"date":"2026-08-29T09:43:17","date_gmt":"2026-08-29T09:43:17","guid":{"rendered":"https:\/\/diplomatie.gov.bf\/?p=16709"},"modified":"2026-08-31T09:46:08","modified_gmt":"2026-08-31T09:46:08","slug":"diaspora-africaine-la-presidente-de-addi-distinguee-pour-son-engagement-en-faveur-du-panafricanisme-et-la-lutte-revolutionnaire-au-burkina-faso","status":"publish","type":"post","link":"https:\/\/diplomatie.gov.bf\/index.php\/diaspora-africaine-la-presidente-de-addi-distinguee-pour-son-engagement-en-faveur-du-panafricanisme-et-la-lutte-revolutionnaire-au-burkina-faso\/","title":{"rendered":"Diaspora africaine : la Pr\u00e9sidente de ADDI, distingu\u00e9e pour son engagement en faveur du panafricanisme et la lutte r\u00e9volutionnaire au Burkina Faso"},"content":{"rendered":"<div class=\"x14z9mp xat24cr x1lziwak x1vvkbs xtlvy1s x126k92a\">\n<div dir=\"auto\" style=\"text-align: justify;\">La Pr\u00e9sidente de l\u2019Association pour le D\u00e9veloppement de la Diaspora africaine (ADDI), Dr Arikana Chiedzo CHIHOMBORI, a \u00e9t\u00e9 \u00e9lev\u00e9e au rang d\u2019Officier de l\u2019Ordre du M\u00e9rite de l\u2019Administration et du Travail, avec agrafe \u00ab\u00a0Amiti\u00e9 et Coop\u00e9ration\u00a0\u00bb par la Nation burkinab\u00e8.<\/div>\n<\/div>\n<div class=\"x14z9mp xat24cr x1lziwak x1vvkbs xtlvy1s x126k92a\" style=\"text-align: justify;\">\n<div dir=\"auto\">Cette distinction lui a \u00e9t\u00e9 d\u00e9cern\u00e9e, le vendredi 28 ao\u00fbt 2026, par le Camarade ministre des Affaires \u00e9trang\u00e8res Karamoko Jean Marie TRAORE., au nom du Camarade Pr\u00e9sident du Faso le Capitaine Ibrahim TRAORE.<\/div>\n<\/div>\n<div class=\"x14z9mp xat24cr x1lziwak x1vvkbs xtlvy1s x126k92a\" style=\"text-align: justify;\">\n<div dir=\"auto\">Une d\u00e9coration qui consacre l\u2019engagement Dr Arikana Chiedzo CHIHOMBORI, en faveur de la solidarit\u00e9 africaine, du d\u00e9veloppement du continent africain et de la promotion de l\u2019id\u00e9al panafricaniste.<\/div>\n<\/div>\n<div class=\"x14z9mp xat24cr x1lziwak x1vvkbs xtlvy1s x126k92a\" style=\"text-align: justify;\">\n<div dir=\"auto\"><img fetchpriority=\"high\" decoding=\"async\" class=\" wp-image-16714 alignleft\" src=\"https:\/\/diplomatie.gov.bf\/wp-content\/uploads\/2026\/08\/788493848_1687479899643883_1405188724361307309_n-300x185.jpeg\" alt=\"\" width=\"404\" height=\"249\" srcset=\"https:\/\/diplomatie.gov.bf\/wp-content\/uploads\/2026\/08\/788493848_1687479899643883_1405188724361307309_n-300x185.jpeg 300w, https:\/\/diplomatie.gov.bf\/wp-content\/uploads\/2026\/08\/788493848_1687479899643883_1405188724361307309_n-1024x633.jpeg 1024w, https:\/\/diplomatie.gov.bf\/wp-content\/uploads\/2026\/08\/788493848_1687479899643883_1405188724361307309_n-768x474.jpeg 768w, https:\/\/diplomatie.gov.bf\/wp-content\/uploads\/2026\/08\/788493848_1687479899643883_1405188724361307309_n-1536x949.jpeg 1536w, https:\/\/diplomatie.gov.bf\/wp-content\/uploads\/2026\/08\/788493848_1687479899643883_1405188724361307309_n-750x465.jpeg 750w, https:\/\/diplomatie.gov.bf\/wp-content\/uploads\/2026\/08\/788493848_1687479899643883_1405188724361307309_n.jpeg 2048w\" sizes=\"(max-width: 404px) 100vw, 404px\" \/>La distinction traduit \u00e9galement la reconnaissance des plus hautes autorit\u00e9s burkinab\u00e8 \u00e0 l\u2019ADDI pour le soutien \u00e0 la dynamique r\u00e9volutionnaire en cours.<\/div>\n<\/div>\n<div class=\"x14z9mp xat24cr x1lziwak x1vvkbs xtlvy1s x126k92a\" style=\"text-align: justify;\">\n<div dir=\"auto\">\u00ab ADDI et le Burkina sont une seule entit\u00e9. Votre engagement pour l\u2019Afrique est un engagement partag\u00e9 au plus haut sommet de l\u2019Etat \u00bb, a d\u00e9clar\u00e9 le ministre des Affaires \u00e9trang\u00e8res.<\/div>\n<\/div>\n<div class=\"x14z9mp xat24cr x1lziwak x1vvkbs xtlvy1s x126k92a\" style=\"text-align: justify;\">\n<div dir=\"auto\">En lui d\u00e9cernant cette m\u00e9daille, le Chef de la diplomatie burkinab\u00e8 a salu\u00e9 les nombreux efforts consentis par ADDIet qui produit des r\u00e9sultats concrets en Afrique et au Burkina Faso.<\/div>\n<\/div>\n<div class=\"x14z9mp xat24cr x1lziwak x1vvkbs xtlvy1s x126k92a\" style=\"text-align: justify;\">\n<div dir=\"auto\">Recevant cette distinction avec \u00e9motion et gratitude, la Pr\u00e9sidente de ADDI a r\u00e9affirm\u00e9 son attachement au Burkina Faso et son engagement en faveur du panafricanisme.<\/div>\n<\/div>\n<div class=\"x14z9mp xat24cr x1lziwak x1vvkbs xtlvy1s x126k92a\" style=\"text-align: justify;\">\n<div dir=\"auto\">\u00ab C\u2019est toujours un grand plaisir de parler du Burkina Faso au monde. C\u00e9l\u00e9brer ce qui se fait au Burkina Faso est quelque chose que je fais avec fiert\u00e9 \u00bb, a-t-elle indiqu\u00e9.<\/div>\n<\/div>\n<div class=\"x14z9mp xat24cr x1lziwak x1vvkbs xtlvy1s x126k92a\" style=\"text-align: justify;\">\n<div dir=\"auto\">Elle a r\u00e9it\u00e9r\u00e9 l\u2019engagement de ADDI dans la lutte pour la souverainet\u00e9 et la lib\u00e9ration \u00e9conomique, engag\u00e9e au Burkina Faso.<\/div>\n<\/div>\n<div class=\"x14z9mp xat24cr x1lziwak x1vvkbs xtlvy1s x126k92a\" style=\"text-align: justify;\">\n<div dir=\"auto\">\u00ab Le Pr\u00e9sident Capitaine Ibrahim TRAOR\u00c9 a d\u00e9j\u00e0 pos\u00e9 les pav\u00e9s pour une v\u00e9ritable lib\u00e9ration de l\u2019Afrique. Ce dont il a actuellement besoin, c\u2019est une arm\u00e9e plus grande constitu\u00e9e d\u2019enfants, d&rsquo;hommes et de femmes africains qui comprennent cette vision et qui savent que la r\u00e9volution africaine a commenc\u00e9 au Burkina Faso. \u00bb, a-t-elle affirm\u00e9.<\/div>\n<\/div>\n<div class=\"x14z9mp xat24cr x1lziwak x1vvkbs xtlvy1s x126k92a\" style=\"text-align: justify;\">\n<div dir=\"auto\">Saluant le potentiel de la jeunesse burkinab\u00e8 et sa mobilisation autour de la vision r\u00e9volutionnaire, Dr Arikana Chiedzo CHIHOMBORI propose que cette vision puisse \u00eatre un exemple pour toute la jeunesse africaine.<\/div>\n<\/div>\n<div class=\"x14z9mp xat24cr x1lziwak x1vvkbs xtlvy1s x126k92a\" style=\"text-align: justify;\">\n<div dir=\"auto\">Elle a donc plaid\u00e9 pour une meilleure interaction entre les jeunes africains \u00e0 travers des cadres de conversations panafricaines.<\/div>\n<\/div>\n<div class=\"x14z9mp xat24cr x1lziwak x1vvkbs xtlvy1s x126k92a\">\n<div dir=\"auto\" style=\"text-align: justify;\">En rappel, sous leadership de la pr\u00e9sidente CHIHOMBORI, plus de 700 afro descendants et membres de la diaspora africaine se sont mobilis\u00e9s au Burkina Faso pour apporter leur soutien \u00e0 la lutte souveraine engag\u00e9e par les autorit\u00e9s burkinab\u00e8.<\/div>\n<\/div>\n","protected":false},"excerpt":{"rendered":"<p>La Pr\u00e9sidente de l\u2019Association pour le D\u00e9veloppement de la Diaspora africaine (ADDI), Dr Arikana Chiedzo CHIHOMBORI, a \u00e9t\u00e9 \u00e9lev\u00e9e au rang d\u2019Officier de l\u2019Ordre du M\u00e9rite de l\u2019Administration et du Travail, avec agrafe \u00ab\u00a0Amiti\u00e9 et Coop\u00e9ration\u00a0\u00bb par la Nation burkinab\u00e8. Cette distinction lui a \u00e9t\u00e9 d\u00e9cern\u00e9e, le vendredi 28 ao\u00fbt 2026, par le Camarade ministre [&hellip;]<\/p>\n","protected":false},"author":9,"featured_media":16713,"comment_status":"closed","ping_status":"closed","sticky":false,"template":"","format":"standard","meta":{"footnotes":""},"categories":[21],"tags":[],"class_list":["post-16709","post","type-post","status-publish","format-standard","has-post-thumbnail","hentry","category-actualites"],"_links":{"self":[{"href":"https:\/\/diplomatie.gov.bf\/index.php\/wp-json\/wp\/v2\/posts\/16709","targetHints":{"allow":["GET"]}}],"collection":[{"href":"https:\/\/diplomatie.gov.bf\/index.php\/wp-json\/wp\/v2\/posts"}],"about":[{"href":"https:\/\/diplomatie.gov.bf\/index.php\/wp-json\/wp\/v2\/types\/post"}],"author":[{"embeddable":true,"href":"https:\/\/diplomatie.gov.bf\/index.php\/wp-json\/wp\/v2\/users\/9"}],"replies":[{"embeddable":true,"href":"https:\/\/diplomatie.gov.bf\/index.php\/wp-json\/wp\/v2\/comments?post=16709"}],"version-history":[{"count":1,"href":"https:\/\/diplomatie.gov.bf\/index.php\/wp-json\/wp\/v2\/posts\/16709\/revisions"}],"predecessor-version":[{"id":16715,"href":"https:\/\/diplomatie.gov.bf\/index.php\/wp-json\/wp\/v2\/posts\/16709\/revisions\/16715"}],"wp:featuredmedia":[{"embeddable":true,"href":"https:\/\/diplomatie.gov.bf\/index.php\/wp-json\/wp\/v2\/media\/16713"}],"wp:attachment":[{"href":"https:\/\/diplomatie.gov.bf\/index.php\/wp-json\/wp\/v2\/media?parent=16709"}],"wp:term":[{"taxonomy":"category","embeddable":true,"href":"https:\/\/diplomatie.gov.bf\/index.php\/wp-json\/wp\/v2\/categories?post=16709"},{"taxonomy":"post_tag","embeddable":true,"href":"https:\/\/diplomatie.gov.bf\/index.php\/wp-json\/wp\/v2\/tags?post=16709"}],"curies":[{"name":"wp","href":"https:\/\/api.w.org\/{rel}","templated":true}]}}