{"id":16708,"date":"2026-08-28T09:43:52","date_gmt":"2026-08-28T09:43:52","guid":{"rendered":"https:\/\/diplomatie.gov.bf\/?p=16708"},"modified":"2026-08-31T09:44:05","modified_gmt":"2026-08-31T09:44:05","slug":"burkina-faso-republique-federale-du-nigeria-une-volonte-partagee-de-batir-une-cooperation-dans-la-fraternite","status":"publish","type":"post","link":"https:\/\/diplomatie.gov.bf\/index.php\/burkina-faso-republique-federale-du-nigeria-une-volonte-partagee-de-batir-une-cooperation-dans-la-fraternite\/","title":{"rendered":"Burkina Faso- R\u00e9publique F\u00e9d\u00e9rale du Nig\u00e9ria : une volont\u00e9 partag\u00e9e de b\u00e2tir une coop\u00e9ration dans la fraternit\u00e9"},"content":{"rendered":"<div class=\"x14z9mp xat24cr x1lziwak x1vvkbs xtlvy1s x126k92a\">\n<div dir=\"auto\" style=\"text-align: justify;\">L\u2019ambassadeur de la R\u00e9publique F\u00e9d\u00e9rale du Nig\u00e9ria, SEM Syndoph Paebi ENDONI, nouvellement accr\u00e9dit\u00e9 au Burkina Faso, s\u2019est officiellement pr\u00e9sent\u00e9 ce 28 ao\u00fbt 2026 au Camarade ministre des Affaires \u00e9trang\u00e8res burkinab\u00e8, en lui remettant les Copies figur\u00e9es de ses Lettres de cr\u00e9ances.<\/div>\n<\/div>\n<div class=\"x14z9mp xat24cr x1lziwak x1vvkbs xtlvy1s x126k92a\" style=\"text-align: justify;\">\n<div dir=\"auto\">A cette occasion, il a traduit sa gratitude et celle du Pr\u00e9sident de la R\u00e9publique F\u00e9d\u00e9rale du Nig\u00e9ria SEM Bola TINUBU au Camarade Pr\u00e9sident du Faso le Capitaine Ibrahim TRAORE, pour avoir accept\u00e9 son accr\u00e9ditation aupr\u00e8s du Burkina Faso.<\/div>\n<\/div>\n<div class=\"x14z9mp xat24cr x1lziwak x1vvkbs xtlvy1s x126k92a\" style=\"text-align: justify;\">\n<div dir=\"auto\">Il a indiqu\u00e9 sa disposition \u00e0 \u0153uvrer pour consolider les relations bilat\u00e9rales entre le Burkina Faso et la R\u00e9publique F\u00e9d\u00e9rale du Nig\u00e9ria, dans un esprit de fraternit\u00e9 et dans le respect des valeurs africaines.<\/div>\n<\/div>\n<div class=\"x14z9mp xat24cr x1lziwak x1vvkbs xtlvy1s x126k92a\" style=\"text-align: justify;\">\n<div dir=\"auto\">Le Camarade ministre des Affaires \u00e9trang\u00e8res, tout en souhaitant la cordiale bienvenue au nouvel ambassadeur, lui a formul\u00e9 ses v\u0153ux de sant\u00e9 et de succ\u00e8s dans la conduite de sa mission au pays des Hommes int\u00e8gres.<\/div>\n<\/div>\n<div class=\"x14z9mp xat24cr x1lziwak x1vvkbs xtlvy1s x126k92a\" style=\"text-align: justify;\">\n<div dir=\"auto\">Le ministre Karamoko Jean Marie TRAORE s\u2019est r\u00e9joui de l\u2019esprit dans lequel SEM ENDONI s\u2019engage \u00e0 travailler durant son mandat car dit-il, \u00ab le Burkina Faso et le Nig\u00e9ria constitue un m\u00eame peuple, avec un patrimoine b\u00e2ti par les devanciers que nous devons sauvegarder, quel que soit les syst\u00e8mes politiques en place \u00bb.<\/div>\n<\/div>\n<div class=\"x14z9mp xat24cr x1lziwak x1vvkbs xtlvy1s x126k92a\" style=\"text-align: justify;\">\n<div dir=\"auto\">Il a rassur\u00e9 le diplomate nig\u00e9rian, de sa disponibilit\u00e9 et celle de ses collaborateurs, \u00e0 l\u2019accompagner dans la r\u00e9ussite de sa mission au Burkina Faso.<\/div>\n<\/div>\n<div class=\"x14z9mp xat24cr x1lziwak x1vvkbs xtlvy1s x126k92a\">\n<div dir=\"auto\" style=\"text-align: justify;\">Dans l&rsquo;objectif de donner un nouveau signal de renforcement des liens entre les deux pays, le Chef de la diplomatie burkinab\u00e8 a annonc\u00e9 l\u2019organisation d\u2019une s\u00e9ance bilat\u00e9rale, pour passer en revue la coop\u00e9ration et surtout \u00e9changer sur les perspectives de cette coop\u00e9ration au b\u00e9n\u00e9fice des peuples burkinab\u00e8 et nig\u00e9rian.<\/div>\n<\/div>\n","protected":false},"excerpt":{"rendered":"<p>L\u2019ambassadeur de la R\u00e9publique F\u00e9d\u00e9rale du Nig\u00e9ria, SEM Syndoph Paebi ENDONI, nouvellement accr\u00e9dit\u00e9 au Burkina Faso, s\u2019est officiellement pr\u00e9sent\u00e9 ce 28 ao\u00fbt 2026 au Camarade ministre des Affaires \u00e9trang\u00e8res burkinab\u00e8, en lui remettant les Copies figur\u00e9es de ses Lettres de cr\u00e9ances. A cette occasion, il a traduit sa gratitude et celle du Pr\u00e9sident de la [&hellip;]<\/p>\n","protected":false},"author":9,"featured_media":16711,"comment_status":"closed","ping_status":"closed","sticky":false,"template":"","format":"standard","meta":{"footnotes":""},"categories":[21],"tags":[],"class_list":["post-16708","post","type-post","status-publish","format-standard","has-post-thumbnail","hentry","category-actualites"],"_links":{"self":[{"href":"https:\/\/diplomatie.gov.bf\/index.php\/wp-json\/wp\/v2\/posts\/16708","targetHints":{"allow":["GET"]}}],"collection":[{"href":"https:\/\/diplomatie.gov.bf\/index.php\/wp-json\/wp\/v2\/posts"}],"about":[{"href":"https:\/\/diplomatie.gov.bf\/index.php\/wp-json\/wp\/v2\/types\/post"}],"author":[{"embeddable":true,"href":"https:\/\/diplomatie.gov.bf\/index.php\/wp-json\/wp\/v2\/users\/9"}],"replies":[{"embeddable":true,"href":"https:\/\/diplomatie.gov.bf\/index.php\/wp-json\/wp\/v2\/comments?post=16708"}],"version-history":[{"count":1,"href":"https:\/\/diplomatie.gov.bf\/index.php\/wp-json\/wp\/v2\/posts\/16708\/revisions"}],"predecessor-version":[{"id":16712,"href":"https:\/\/diplomatie.gov.bf\/index.php\/wp-json\/wp\/v2\/posts\/16708\/revisions\/16712"}],"wp:featuredmedia":[{"embeddable":true,"href":"https:\/\/diplomatie.gov.bf\/index.php\/wp-json\/wp\/v2\/media\/16711"}],"wp:attachment":[{"href":"https:\/\/diplomatie.gov.bf\/index.php\/wp-json\/wp\/v2\/media?parent=16708"}],"wp:term":[{"taxonomy":"category","embeddable":true,"href":"https:\/\/diplomatie.gov.bf\/index.php\/wp-json\/wp\/v2\/categories?post=16708"},{"taxonomy":"post_tag","embeddable":true,"href":"https:\/\/diplomatie.gov.bf\/index.php\/wp-json\/wp\/v2\/tags?post=16708"}],"curies":[{"name":"wp","href":"https:\/\/api.w.org\/{rel}","templated":true}]}}